{"id":155,"date":"2014-01-28T13:10:33","date_gmt":"2014-01-28T13:10:33","guid":{"rendered":"http:\/\/www.encontrasantamaria.com.br\/noticias\/?p=155"},"modified":"2014-01-28T13:10:33","modified_gmt":"2014-01-28T13:10:33","slug":"instituto-de-planejamento-realiza-audiencia-publica-em-santa-maria","status":"publish","type":"post","link":"https:\/\/www.encontrasantamaria.com.br\/noticias\/instituto-de-planejamento-realiza-audiencia-publica-em-santa-maria\/","title":{"rendered":"Instituto de Planejamento realiza audi\u00eancia p\u00fablica em Santa Maria"},"content":{"rendered":"<p>A Prefeitura de Santa Maria, por meio do Instituto de Planejamento, convida a comunidade para a Audi\u00eancia P\u00fablica para a elabora\u00e7\u00e3o do Plano Setorial II que ir\u00e1 se realizar nesta quarta-feira (29), \u00e0s 18h30, no Plen\u00e1rio da C\u00e2mara de Vereadores. A audi\u00eancia ir\u00e1 tratar sobre a altera\u00e7\u00e3o do Regime Urban\u00edstico da Lei de Uso e Ocupa\u00e7\u00e3o do Solo, conforme prev\u00ea a Lei Complementar do Plano Diretor de Desenvolvimento Urbano Ambiental (LC 072\/2009), em seu artigo 143, com vistas \u00e0 implanta\u00e7\u00e3o de um condom\u00ednio fechado de lotes, no Bairro Tomazetti (BR 392), na regi\u00e3o Sul da cidade.<\/p>\n<p>O Projeto Setorial \u00e9 aquele no qual o poder p\u00fablico, toda a pessoa ou grupo de pessoas que, em seu conjunto, sejam titulares de dom\u00ednio de parcelas cont\u00edguas, cujas superf\u00edcies somadas alcancem 10 mil metros quadrados, podem solicitar o regulamento de normas urban\u00edsticas especiais para a mesma, dentro dos crit\u00e9rios de uma opera\u00e7\u00e3o consorciada, sendo estas normas especiais elaboradas pelo Instituto de Planejamento, que, partindo da proposta apresentada, garantam a coer\u00eancia com a pol\u00edtica urbana global.<\/p>\n<p>Desta forma, segundo informam os t\u00e9cnicos do Instituto de Planejamento, para altera\u00e7\u00e3o de regime urban\u00edstico \u00e9 necess\u00e1rio realizar a audi\u00eancia p\u00fablica. Posteriormente ser\u00e1 elaborado um projeto de lei espec\u00edfico que ser\u00e1 encaminhado para tramita\u00e7\u00e3o na C\u00e2mara de Vereadores. O \u00f3rg\u00e3o refor\u00e7a a import\u00e2ncia da participa\u00e7\u00e3o de toda a popula\u00e7\u00e3o, vereadores, profissionais, estudantes, e servidores da Prefeitura de Santa Maria.<\/p>\n<p><strong>Saiba mais<\/strong><\/p>\n<p><strong>A audi\u00eancia p\u00fablica deve ser realizada conforme prev\u00ea a LCM 072\/2009 (LUOS- Lei de Uso e Ocupa\u00e7\u00e3o do Solo) em seu Art. 143: <\/strong><\/p>\n<p><strong>Art. 143-\u00a0<\/strong> &#8220;Para resguardar a unidade e coer\u00eancia das regras da presente lei, qualquer projeto de lei que trate de sua altera\u00e7\u00e3o deve, antes de tramitar na C\u00e2mara de Vereadores, passar pela an\u00e1lise e parecer do Escrit\u00f3rio da Cidade, por seus \u00f3rg\u00e3os t\u00e9cnicos, bem como submeter-se \u00e0 debate p\u00fablico em audi\u00eancia p\u00fablica&#8221;.<br \/>\n<strong>Assim como no Art. 44, prev\u00ea:<\/strong><\/p>\n<p><strong>Art. 144-.<\/strong> Atrav\u00e9s de lei espec\u00edfica, podem ser estabelecidas regras urban\u00edsticas pr\u00f3prias para Projetos Setoriais ou Planos de Bairro, observado o seguinte:<\/p>\n","protected":false},"excerpt":{"rendered":"<p>A Prefeitura de Santa Maria, por meio do Instituto de Planejamento, convida a comunidade para a Audi\u00eancia P\u00fablica para a elabora\u00e7\u00e3o do Plano Setorial II que ir\u00e1 se realizar nesta quarta-feira (29), \u00e0s 18h30, no Plen\u00e1rio da C\u00e2mara de Vereadores. A audi\u00eancia ir\u00e1 tratar sobre a altera\u00e7\u00e3o do Regime Urban\u00edstico da Lei de Uso e [&hellip;]<\/p>\n","protected":false},"author":1,"featured_media":0,"comment_status":"open","ping_status":"open","sticky":false,"template":"","format":"standard","meta":{"footnotes":""},"categories":[6],"tags":[],"class_list":["post-155","post","type-post","status-publish","format-standard","hentry","category-noticias-santa-maria"],"yoast_head":"<!-- This site is optimized with the Yoast SEO plugin v25.9 - https:\/\/yoast.com\/wordpress\/plugins\/seo\/ -->\n<title>Instituto de Planejamento realiza audi\u00eancia p\u00fablica em Santa Maria - Not\u00edcias da Cidade Santa Maria<\/title>\n<meta name=\"robots\" content=\"index, follow, max-snippet:-1, max-image-preview:large, max-video-preview:-1\" \/>\n<link rel=\"canonical\" href=\"https:\/\/www.encontrasantamaria.com.br\/noticias\/instituto-de-planejamento-realiza-audiencia-publica-em-santa-maria\/\" \/>\n<meta property=\"og:locale\" content=\"pt_BR\" \/>\n<meta property=\"og:type\" content=\"article\" \/>\n<meta property=\"og:title\" content=\"Instituto de Planejamento realiza audi\u00eancia p\u00fablica em Santa Maria - Not\u00edcias da Cidade Santa Maria\" \/>\n<meta property=\"og:description\" content=\"A Prefeitura de Santa Maria, por meio do Instituto de Planejamento, convida a comunidade para a Audi\u00eancia P\u00fablica para a elabora\u00e7\u00e3o do Plano Setorial II que ir\u00e1 se realizar nesta quarta-feira (29), \u00e0s 18h30, no Plen\u00e1rio da C\u00e2mara de Vereadores. A audi\u00eancia ir\u00e1 tratar sobre a altera\u00e7\u00e3o do Regime Urban\u00edstico da Lei de Uso e [&hellip;]\" \/>\n<meta property=\"og:url\" content=\"https:\/\/www.encontrasantamaria.com.br\/noticias\/instituto-de-planejamento-realiza-audiencia-publica-em-santa-maria\/\" \/>\n<meta property=\"og:site_name\" content=\"Not\u00edcias da Cidade Santa Maria\" \/>\n<meta property=\"article:published_time\" content=\"2014-01-28T13:10:33+00:00\" \/>\n<meta name=\"author\" content=\"Encontra Santa Maria\" \/>\n<meta name=\"twitter:card\" content=\"summary_large_image\" \/>\n<meta name=\"twitter:label1\" content=\"Escrito por\" \/>\n\t<meta name=\"twitter:data1\" content=\"Encontra Santa Maria\" \/>\n\t<meta name=\"twitter:label2\" content=\"Est. tempo de leitura\" \/>\n\t<meta name=\"twitter:data2\" content=\"2 minutos\" \/>\n<script type=\"application\/ld+json\" class=\"yoast-schema-graph\">{\"@context\":\"https:\/\/schema.org\",\"@graph\":[{\"@type\":\"WebPage\",\"@id\":\"https:\/\/www.encontrasantamaria.com.br\/noticias\/instituto-de-planejamento-realiza-audiencia-publica-em-santa-maria\/\",\"url\":\"https:\/\/www.encontrasantamaria.com.br\/noticias\/instituto-de-planejamento-realiza-audiencia-publica-em-santa-maria\/\",\"name\":\"Instituto de Planejamento realiza audi\u00eancia p\u00fablica em Santa Maria - Not\u00edcias da Cidade Santa Maria\",\"isPartOf\":{\"@id\":\"https:\/\/www.encontrasantamaria.com.br\/noticias\/#website\"},\"datePublished\":\"2014-01-28T13:10:33+00:00\",\"author\":{\"@id\":\"https:\/\/www.encontrasantamaria.com.br\/noticias\/#\/schema\/person\/9513c7f6bbff19369391fd49f2fd219a\"},\"breadcrumb\":{\"@id\":\"https:\/\/www.encontrasantamaria.com.br\/noticias\/instituto-de-planejamento-realiza-audiencia-publica-em-santa-maria\/#breadcrumb\"},\"inLanguage\":\"pt-BR\",\"potentialAction\":[{\"@type\":\"ReadAction\",\"target\":[\"https:\/\/www.encontrasantamaria.com.br\/noticias\/instituto-de-planejamento-realiza-audiencia-publica-em-santa-maria\/\"]}]},{\"@type\":\"BreadcrumbList\",\"@id\":\"https:\/\/www.encontrasantamaria.com.br\/noticias\/instituto-de-planejamento-realiza-audiencia-publica-em-santa-maria\/#breadcrumb\",\"itemListElement\":[{\"@type\":\"ListItem\",\"position\":1,\"name\":\"In\u00edcio\",\"item\":\"https:\/\/www.encontrasantamaria.com.br\/noticias\/\"},{\"@type\":\"ListItem\",\"position\":2,\"name\":\"Instituto de Planejamento realiza audi\u00eancia p\u00fablica em Santa Maria\"}]},{\"@type\":\"WebSite\",\"@id\":\"https:\/\/www.encontrasantamaria.com.br\/noticias\/#website\",\"url\":\"https:\/\/www.encontrasantamaria.com.br\/noticias\/\",\"name\":\"Not\u00edcias da Cidade Santa Maria\",\"description\":\"Not\u00edcias, eventos, informa\u00e7\u00f5es e dicas da cidade de Santa Maria e regi\u00e3o\",\"potentialAction\":[{\"@type\":\"SearchAction\",\"target\":{\"@type\":\"EntryPoint\",\"urlTemplate\":\"https:\/\/www.encontrasantamaria.com.br\/noticias\/?s={search_term_string}\"},\"query-input\":{\"@type\":\"PropertyValueSpecification\",\"valueRequired\":true,\"valueName\":\"search_term_string\"}}],\"inLanguage\":\"pt-BR\"},{\"@type\":\"Person\",\"@id\":\"https:\/\/www.encontrasantamaria.com.br\/noticias\/#\/schema\/person\/9513c7f6bbff19369391fd49f2fd219a\",\"name\":\"Encontra Santa Maria\",\"image\":{\"@type\":\"ImageObject\",\"inLanguage\":\"pt-BR\",\"@id\":\"https:\/\/www.encontrasantamaria.com.br\/noticias\/#\/schema\/person\/image\/\",\"url\":\"https:\/\/secure.gravatar.com\/avatar\/507340682b8270222e1f208e23198b6ae7e2c6a1033ae84e99bc6bce4f82a387?s=96&d=mm&r=g\",\"contentUrl\":\"https:\/\/secure.gravatar.com\/avatar\/507340682b8270222e1f208e23198b6ae7e2c6a1033ae84e99bc6bce4f82a387?s=96&d=mm&r=g\",\"caption\":\"Encontra Santa Maria\"},\"sameAs\":[\"http:\/\/www.encontrasantamaria.com.br\"],\"url\":\"https:\/\/www.encontrasantamaria.com.br\/noticias\/author\/esantamaria\/\"}]}<\/script>\n<!-- \/ Yoast SEO plugin. -->","yoast_head_json":{"title":"Instituto de Planejamento realiza audi\u00eancia p\u00fablica em Santa Maria - Not\u00edcias da Cidade Santa Maria","robots":{"index":"index","follow":"follow","max-snippet":"max-snippet:-1","max-image-preview":"max-image-preview:large","max-video-preview":"max-video-preview:-1"},"canonical":"https:\/\/www.encontrasantamaria.com.br\/noticias\/instituto-de-planejamento-realiza-audiencia-publica-em-santa-maria\/","og_locale":"pt_BR","og_type":"article","og_title":"Instituto de Planejamento realiza audi\u00eancia p\u00fablica em Santa Maria - Not\u00edcias da Cidade Santa Maria","og_description":"A Prefeitura de Santa Maria, por meio do Instituto de Planejamento, convida a comunidade para a Audi\u00eancia P\u00fablica para a elabora\u00e7\u00e3o do Plano Setorial II que ir\u00e1 se realizar nesta quarta-feira (29), \u00e0s 18h30, no Plen\u00e1rio da C\u00e2mara de Vereadores. A audi\u00eancia ir\u00e1 tratar sobre a altera\u00e7\u00e3o do Regime Urban\u00edstico da Lei de Uso e [&hellip;]","og_url":"https:\/\/www.encontrasantamaria.com.br\/noticias\/instituto-de-planejamento-realiza-audiencia-publica-em-santa-maria\/","og_site_name":"Not\u00edcias da Cidade Santa Maria","article_published_time":"2014-01-28T13:10:33+00:00","author":"Encontra Santa Maria","twitter_card":"summary_large_image","twitter_misc":{"Escrito por":"Encontra Santa Maria","Est. tempo de leitura":"2 minutos"},"schema":{"@context":"https:\/\/schema.org","@graph":[{"@type":"WebPage","@id":"https:\/\/www.encontrasantamaria.com.br\/noticias\/instituto-de-planejamento-realiza-audiencia-publica-em-santa-maria\/","url":"https:\/\/www.encontrasantamaria.com.br\/noticias\/instituto-de-planejamento-realiza-audiencia-publica-em-santa-maria\/","name":"Instituto de Planejamento realiza audi\u00eancia p\u00fablica em Santa Maria - Not\u00edcias da Cidade Santa Maria","isPartOf":{"@id":"https:\/\/www.encontrasantamaria.com.br\/noticias\/#website"},"datePublished":"2014-01-28T13:10:33+00:00","author":{"@id":"https:\/\/www.encontrasantamaria.com.br\/noticias\/#\/schema\/person\/9513c7f6bbff19369391fd49f2fd219a"},"breadcrumb":{"@id":"https:\/\/www.encontrasantamaria.com.br\/noticias\/instituto-de-planejamento-realiza-audiencia-publica-em-santa-maria\/#breadcrumb"},"inLanguage":"pt-BR","potentialAction":[{"@type":"ReadAction","target":["https:\/\/www.encontrasantamaria.com.br\/noticias\/instituto-de-planejamento-realiza-audiencia-publica-em-santa-maria\/"]}]},{"@type":"BreadcrumbList","@id":"https:\/\/www.encontrasantamaria.com.br\/noticias\/instituto-de-planejamento-realiza-audiencia-publica-em-santa-maria\/#breadcrumb","itemListElement":[{"@type":"ListItem","position":1,"name":"In\u00edcio","item":"https:\/\/www.encontrasantamaria.com.br\/noticias\/"},{"@type":"ListItem","position":2,"name":"Instituto de Planejamento realiza audi\u00eancia p\u00fablica em Santa Maria"}]},{"@type":"WebSite","@id":"https:\/\/www.encontrasantamaria.com.br\/noticias\/#website","url":"https:\/\/www.encontrasantamaria.com.br\/noticias\/","name":"Not\u00edcias da Cidade Santa Maria","description":"Not\u00edcias, eventos, informa\u00e7\u00f5es e dicas da cidade de Santa Maria e regi\u00e3o","potentialAction":[{"@type":"SearchAction","target":{"@type":"EntryPoint","urlTemplate":"https:\/\/www.encontrasantamaria.com.br\/noticias\/?s={search_term_string}"},"query-input":{"@type":"PropertyValueSpecification","valueRequired":true,"valueName":"search_term_string"}}],"inLanguage":"pt-BR"},{"@type":"Person","@id":"https:\/\/www.encontrasantamaria.com.br\/noticias\/#\/schema\/person\/9513c7f6bbff19369391fd49f2fd219a","name":"Encontra Santa Maria","image":{"@type":"ImageObject","inLanguage":"pt-BR","@id":"https:\/\/www.encontrasantamaria.com.br\/noticias\/#\/schema\/person\/image\/","url":"https:\/\/secure.gravatar.com\/avatar\/507340682b8270222e1f208e23198b6ae7e2c6a1033ae84e99bc6bce4f82a387?s=96&d=mm&r=g","contentUrl":"https:\/\/secure.gravatar.com\/avatar\/507340682b8270222e1f208e23198b6ae7e2c6a1033ae84e99bc6bce4f82a387?s=96&d=mm&r=g","caption":"Encontra Santa Maria"},"sameAs":["http:\/\/www.encontrasantamaria.com.br"],"url":"https:\/\/www.encontrasantamaria.com.br\/noticias\/author\/esantamaria\/"}]}},"_links":{"self":[{"href":"https:\/\/www.encontrasantamaria.com.br\/noticias\/wp-json\/wp\/v2\/posts\/155","targetHints":{"allow":["GET"]}}],"collection":[{"href":"https:\/\/www.encontrasantamaria.com.br\/noticias\/wp-json\/wp\/v2\/posts"}],"about":[{"href":"https:\/\/www.encontrasantamaria.com.br\/noticias\/wp-json\/wp\/v2\/types\/post"}],"author":[{"embeddable":true,"href":"https:\/\/www.encontrasantamaria.com.br\/noticias\/wp-json\/wp\/v2\/users\/1"}],"replies":[{"embeddable":true,"href":"https:\/\/www.encontrasantamaria.com.br\/noticias\/wp-json\/wp\/v2\/comments?post=155"}],"version-history":[{"count":1,"href":"https:\/\/www.encontrasantamaria.com.br\/noticias\/wp-json\/wp\/v2\/posts\/155\/revisions"}],"predecessor-version":[{"id":156,"href":"https:\/\/www.encontrasantamaria.com.br\/noticias\/wp-json\/wp\/v2\/posts\/155\/revisions\/156"}],"wp:attachment":[{"href":"https:\/\/www.encontrasantamaria.com.br\/noticias\/wp-json\/wp\/v2\/media?parent=155"}],"wp:term":[{"taxonomy":"category","embeddable":true,"href":"https:\/\/www.encontrasantamaria.com.br\/noticias\/wp-json\/wp\/v2\/categories?post=155"},{"taxonomy":"post_tag","embeddable":true,"href":"https:\/\/www.encontrasantamaria.com.br\/noticias\/wp-json\/wp\/v2\/tags?post=155"}],"curies":[{"name":"wp","href":"https:\/\/api.w.org\/{rel}","templated":true}]}}