{"id":152,"date":"2014-01-22T13:43:18","date_gmt":"2014-01-22T13:43:18","guid":{"rendered":"http:\/\/www.encontrasantamaria.com.br\/noticias\/?p=152"},"modified":"2014-01-22T13:43:53","modified_gmt":"2014-01-22T13:43:53","slug":"verao-do-coracao-primeira-edicao-do-evento-sera-no-dia-2-de-fevereiro-em-santa-maria","status":"publish","type":"post","link":"https:\/\/www.encontrasantamaria.com.br\/noticias\/verao-do-coracao-primeira-edicao-do-evento-sera-no-dia-2-de-fevereiro-em-santa-maria\/","title":{"rendered":"Ver\u00e3o do Cora\u00e7\u00e3o: primeira edi\u00e7\u00e3o do evento ser\u00e1 no dia 2 de fevereiro em Santa Maria"},"content":{"rendered":"<p>A Prefeitura de Santa Maria, por meio da Secretaria de Comunica\u00e7\u00e3o e rela\u00e7\u00f5es de Governo, informa que a primeira edi\u00e7\u00e3o do Projeto Ver\u00e3o do Cora\u00e7\u00e3o foi transferida para o dia 2 de fevereiro.<\/p>\n<p>Al\u00e9m da programa\u00e7\u00e3o noturna, que ir\u00e1 contar com shows de bandas santa-marienses, nesta mesma data, durante toda a tarde, a comunidade tamb\u00e9m poder\u00e1 participar de atividades esportivas e de lazer, na Pra\u00e7a General Os\u00f3rio, mais conhecida como Pra\u00e7a do Mallet, na Avenida Liberdade.<\/p>\n<p>E o Ver\u00e3o do Cora\u00e7\u00e3o ser\u00e1 assim, com atividades de cultura e lazer, durante todo o m\u00eas de fevereiro, em v\u00e1rios locais da cidade. O objetivo \u00e9 aproximar a popula\u00e7\u00e3o e proporcionar alternativas de lazer para quem fica na cidade no m\u00eas mais quente do ver\u00e3o. O evento, que ir\u00e1 se estender at\u00e9 o dia 23 de fevereiro, \u00e9 uma realiza\u00e7\u00e3o da C\u00e2mara de Dirigentes Lojistas de Santa Maria (CDL), com promo\u00e7\u00e3o da Prefeitura de Santa Maria. A programa\u00e7\u00e3o completa ser\u00e1 divulgada na pr\u00f3xima semana.<\/p>\n","protected":false},"excerpt":{"rendered":"<p>A Prefeitura de Santa Maria, por meio da Secretaria de Comunica\u00e7\u00e3o e rela\u00e7\u00f5es de Governo, informa que a primeira edi\u00e7\u00e3o do Projeto Ver\u00e3o do Cora\u00e7\u00e3o foi transferida para o dia 2 de fevereiro. Al\u00e9m da programa\u00e7\u00e3o noturna, que ir\u00e1 contar com shows de bandas santa-marienses, nesta mesma data, durante toda a tarde, a comunidade tamb\u00e9m [&hellip;]<\/p>\n","protected":false},"author":1,"featured_media":0,"comment_status":"open","ping_status":"open","sticky":false,"template":"","format":"standard","meta":{"footnotes":""},"categories":[6],"tags":[],"class_list":["post-152","post","type-post","status-publish","format-standard","hentry","category-noticias-santa-maria"],"yoast_head":"<!-- This site is optimized with the Yoast SEO plugin v25.9 - https:\/\/yoast.com\/wordpress\/plugins\/seo\/ -->\n<title>Ver\u00e3o do Cora\u00e7\u00e3o: primeira edi\u00e7\u00e3o do evento ser\u00e1 no dia 2 de fevereiro em Santa Maria - Not\u00edcias da Cidade Santa Maria<\/title>\n<meta name=\"robots\" content=\"index, follow, max-snippet:-1, max-image-preview:large, max-video-preview:-1\" \/>\n<link rel=\"canonical\" href=\"https:\/\/www.encontrasantamaria.com.br\/noticias\/verao-do-coracao-primeira-edicao-do-evento-sera-no-dia-2-de-fevereiro-em-santa-maria\/\" \/>\n<meta property=\"og:locale\" content=\"pt_BR\" \/>\n<meta property=\"og:type\" content=\"article\" \/>\n<meta property=\"og:title\" content=\"Ver\u00e3o do Cora\u00e7\u00e3o: primeira edi\u00e7\u00e3o do evento ser\u00e1 no dia 2 de fevereiro em Santa Maria - Not\u00edcias da Cidade Santa Maria\" \/>\n<meta property=\"og:description\" content=\"A Prefeitura de Santa Maria, por meio da Secretaria de Comunica\u00e7\u00e3o e rela\u00e7\u00f5es de Governo, informa que a primeira edi\u00e7\u00e3o do Projeto Ver\u00e3o do Cora\u00e7\u00e3o foi transferida para o dia 2 de fevereiro. Al\u00e9m da programa\u00e7\u00e3o noturna, que ir\u00e1 contar com shows de bandas santa-marienses, nesta mesma data, durante toda a tarde, a comunidade tamb\u00e9m [&hellip;]\" \/>\n<meta property=\"og:url\" content=\"https:\/\/www.encontrasantamaria.com.br\/noticias\/verao-do-coracao-primeira-edicao-do-evento-sera-no-dia-2-de-fevereiro-em-santa-maria\/\" \/>\n<meta property=\"og:site_name\" content=\"Not\u00edcias da Cidade Santa Maria\" \/>\n<meta property=\"article:published_time\" content=\"2014-01-22T13:43:18+00:00\" \/>\n<meta property=\"article:modified_time\" content=\"2014-01-22T13:43:53+00:00\" \/>\n<meta name=\"author\" content=\"Encontra Santa Maria\" \/>\n<meta name=\"twitter:card\" content=\"summary_large_image\" \/>\n<meta name=\"twitter:label1\" content=\"Escrito por\" \/>\n\t<meta name=\"twitter:data1\" content=\"Encontra Santa Maria\" \/>\n\t<meta name=\"twitter:label2\" content=\"Est. tempo de leitura\" \/>\n\t<meta name=\"twitter:data2\" content=\"1 minuto\" \/>\n<script type=\"application\/ld+json\" class=\"yoast-schema-graph\">{\"@context\":\"https:\/\/schema.org\",\"@graph\":[{\"@type\":\"WebPage\",\"@id\":\"https:\/\/www.encontrasantamaria.com.br\/noticias\/verao-do-coracao-primeira-edicao-do-evento-sera-no-dia-2-de-fevereiro-em-santa-maria\/\",\"url\":\"https:\/\/www.encontrasantamaria.com.br\/noticias\/verao-do-coracao-primeira-edicao-do-evento-sera-no-dia-2-de-fevereiro-em-santa-maria\/\",\"name\":\"Ver\u00e3o do Cora\u00e7\u00e3o: primeira edi\u00e7\u00e3o do evento ser\u00e1 no dia 2 de fevereiro em Santa Maria - Not\u00edcias da Cidade Santa Maria\",\"isPartOf\":{\"@id\":\"https:\/\/www.encontrasantamaria.com.br\/noticias\/#website\"},\"datePublished\":\"2014-01-22T13:43:18+00:00\",\"dateModified\":\"2014-01-22T13:43:53+00:00\",\"author\":{\"@id\":\"https:\/\/www.encontrasantamaria.com.br\/noticias\/#\/schema\/person\/9513c7f6bbff19369391fd49f2fd219a\"},\"breadcrumb\":{\"@id\":\"https:\/\/www.encontrasantamaria.com.br\/noticias\/verao-do-coracao-primeira-edicao-do-evento-sera-no-dia-2-de-fevereiro-em-santa-maria\/#breadcrumb\"},\"inLanguage\":\"pt-BR\",\"potentialAction\":[{\"@type\":\"ReadAction\",\"target\":[\"https:\/\/www.encontrasantamaria.com.br\/noticias\/verao-do-coracao-primeira-edicao-do-evento-sera-no-dia-2-de-fevereiro-em-santa-maria\/\"]}]},{\"@type\":\"BreadcrumbList\",\"@id\":\"https:\/\/www.encontrasantamaria.com.br\/noticias\/verao-do-coracao-primeira-edicao-do-evento-sera-no-dia-2-de-fevereiro-em-santa-maria\/#breadcrumb\",\"itemListElement\":[{\"@type\":\"ListItem\",\"position\":1,\"name\":\"In\u00edcio\",\"item\":\"https:\/\/www.encontrasantamaria.com.br\/noticias\/\"},{\"@type\":\"ListItem\",\"position\":2,\"name\":\"Ver\u00e3o do Cora\u00e7\u00e3o: primeira edi\u00e7\u00e3o do evento ser\u00e1 no dia 2 de fevereiro em Santa Maria\"}]},{\"@type\":\"WebSite\",\"@id\":\"https:\/\/www.encontrasantamaria.com.br\/noticias\/#website\",\"url\":\"https:\/\/www.encontrasantamaria.com.br\/noticias\/\",\"name\":\"Not\u00edcias da Cidade Santa Maria\",\"description\":\"Not\u00edcias, eventos, informa\u00e7\u00f5es e dicas da cidade de Santa Maria e regi\u00e3o\",\"potentialAction\":[{\"@type\":\"SearchAction\",\"target\":{\"@type\":\"EntryPoint\",\"urlTemplate\":\"https:\/\/www.encontrasantamaria.com.br\/noticias\/?s={search_term_string}\"},\"query-input\":{\"@type\":\"PropertyValueSpecification\",\"valueRequired\":true,\"valueName\":\"search_term_string\"}}],\"inLanguage\":\"pt-BR\"},{\"@type\":\"Person\",\"@id\":\"https:\/\/www.encontrasantamaria.com.br\/noticias\/#\/schema\/person\/9513c7f6bbff19369391fd49f2fd219a\",\"name\":\"Encontra Santa Maria\",\"image\":{\"@type\":\"ImageObject\",\"inLanguage\":\"pt-BR\",\"@id\":\"https:\/\/www.encontrasantamaria.com.br\/noticias\/#\/schema\/person\/image\/\",\"url\":\"https:\/\/secure.gravatar.com\/avatar\/507340682b8270222e1f208e23198b6ae7e2c6a1033ae84e99bc6bce4f82a387?s=96&d=mm&r=g\",\"contentUrl\":\"https:\/\/secure.gravatar.com\/avatar\/507340682b8270222e1f208e23198b6ae7e2c6a1033ae84e99bc6bce4f82a387?s=96&d=mm&r=g\",\"caption\":\"Encontra Santa Maria\"},\"sameAs\":[\"http:\/\/www.encontrasantamaria.com.br\"],\"url\":\"https:\/\/www.encontrasantamaria.com.br\/noticias\/author\/esantamaria\/\"}]}<\/script>\n<!-- \/ Yoast SEO plugin. -->","yoast_head_json":{"title":"Ver\u00e3o do Cora\u00e7\u00e3o: primeira edi\u00e7\u00e3o do evento ser\u00e1 no dia 2 de fevereiro em Santa Maria - Not\u00edcias da Cidade Santa Maria","robots":{"index":"index","follow":"follow","max-snippet":"max-snippet:-1","max-image-preview":"max-image-preview:large","max-video-preview":"max-video-preview:-1"},"canonical":"https:\/\/www.encontrasantamaria.com.br\/noticias\/verao-do-coracao-primeira-edicao-do-evento-sera-no-dia-2-de-fevereiro-em-santa-maria\/","og_locale":"pt_BR","og_type":"article","og_title":"Ver\u00e3o do Cora\u00e7\u00e3o: primeira edi\u00e7\u00e3o do evento ser\u00e1 no dia 2 de fevereiro em Santa Maria - Not\u00edcias da Cidade Santa Maria","og_description":"A Prefeitura de Santa Maria, por meio da Secretaria de Comunica\u00e7\u00e3o e rela\u00e7\u00f5es de Governo, informa que a primeira edi\u00e7\u00e3o do Projeto Ver\u00e3o do Cora\u00e7\u00e3o foi transferida para o dia 2 de fevereiro. Al\u00e9m da programa\u00e7\u00e3o noturna, que ir\u00e1 contar com shows de bandas santa-marienses, nesta mesma data, durante toda a tarde, a comunidade tamb\u00e9m [&hellip;]","og_url":"https:\/\/www.encontrasantamaria.com.br\/noticias\/verao-do-coracao-primeira-edicao-do-evento-sera-no-dia-2-de-fevereiro-em-santa-maria\/","og_site_name":"Not\u00edcias da Cidade Santa Maria","article_published_time":"2014-01-22T13:43:18+00:00","article_modified_time":"2014-01-22T13:43:53+00:00","author":"Encontra Santa Maria","twitter_card":"summary_large_image","twitter_misc":{"Escrito por":"Encontra Santa Maria","Est. tempo de leitura":"1 minuto"},"schema":{"@context":"https:\/\/schema.org","@graph":[{"@type":"WebPage","@id":"https:\/\/www.encontrasantamaria.com.br\/noticias\/verao-do-coracao-primeira-edicao-do-evento-sera-no-dia-2-de-fevereiro-em-santa-maria\/","url":"https:\/\/www.encontrasantamaria.com.br\/noticias\/verao-do-coracao-primeira-edicao-do-evento-sera-no-dia-2-de-fevereiro-em-santa-maria\/","name":"Ver\u00e3o do Cora\u00e7\u00e3o: primeira edi\u00e7\u00e3o do evento ser\u00e1 no dia 2 de fevereiro em Santa Maria - Not\u00edcias da Cidade Santa Maria","isPartOf":{"@id":"https:\/\/www.encontrasantamaria.com.br\/noticias\/#website"},"datePublished":"2014-01-22T13:43:18+00:00","dateModified":"2014-01-22T13:43:53+00:00","author":{"@id":"https:\/\/www.encontrasantamaria.com.br\/noticias\/#\/schema\/person\/9513c7f6bbff19369391fd49f2fd219a"},"breadcrumb":{"@id":"https:\/\/www.encontrasantamaria.com.br\/noticias\/verao-do-coracao-primeira-edicao-do-evento-sera-no-dia-2-de-fevereiro-em-santa-maria\/#breadcrumb"},"inLanguage":"pt-BR","potentialAction":[{"@type":"ReadAction","target":["https:\/\/www.encontrasantamaria.com.br\/noticias\/verao-do-coracao-primeira-edicao-do-evento-sera-no-dia-2-de-fevereiro-em-santa-maria\/"]}]},{"@type":"BreadcrumbList","@id":"https:\/\/www.encontrasantamaria.com.br\/noticias\/verao-do-coracao-primeira-edicao-do-evento-sera-no-dia-2-de-fevereiro-em-santa-maria\/#breadcrumb","itemListElement":[{"@type":"ListItem","position":1,"name":"In\u00edcio","item":"https:\/\/www.encontrasantamaria.com.br\/noticias\/"},{"@type":"ListItem","position":2,"name":"Ver\u00e3o do Cora\u00e7\u00e3o: primeira edi\u00e7\u00e3o do evento ser\u00e1 no dia 2 de fevereiro em Santa Maria"}]},{"@type":"WebSite","@id":"https:\/\/www.encontrasantamaria.com.br\/noticias\/#website","url":"https:\/\/www.encontrasantamaria.com.br\/noticias\/","name":"Not\u00edcias da Cidade Santa Maria","description":"Not\u00edcias, eventos, informa\u00e7\u00f5es e dicas da cidade de Santa Maria e regi\u00e3o","potentialAction":[{"@type":"SearchAction","target":{"@type":"EntryPoint","urlTemplate":"https:\/\/www.encontrasantamaria.com.br\/noticias\/?s={search_term_string}"},"query-input":{"@type":"PropertyValueSpecification","valueRequired":true,"valueName":"search_term_string"}}],"inLanguage":"pt-BR"},{"@type":"Person","@id":"https:\/\/www.encontrasantamaria.com.br\/noticias\/#\/schema\/person\/9513c7f6bbff19369391fd49f2fd219a","name":"Encontra Santa Maria","image":{"@type":"ImageObject","inLanguage":"pt-BR","@id":"https:\/\/www.encontrasantamaria.com.br\/noticias\/#\/schema\/person\/image\/","url":"https:\/\/secure.gravatar.com\/avatar\/507340682b8270222e1f208e23198b6ae7e2c6a1033ae84e99bc6bce4f82a387?s=96&d=mm&r=g","contentUrl":"https:\/\/secure.gravatar.com\/avatar\/507340682b8270222e1f208e23198b6ae7e2c6a1033ae84e99bc6bce4f82a387?s=96&d=mm&r=g","caption":"Encontra Santa Maria"},"sameAs":["http:\/\/www.encontrasantamaria.com.br"],"url":"https:\/\/www.encontrasantamaria.com.br\/noticias\/author\/esantamaria\/"}]}},"_links":{"self":[{"href":"https:\/\/www.encontrasantamaria.com.br\/noticias\/wp-json\/wp\/v2\/posts\/152","targetHints":{"allow":["GET"]}}],"collection":[{"href":"https:\/\/www.encontrasantamaria.com.br\/noticias\/wp-json\/wp\/v2\/posts"}],"about":[{"href":"https:\/\/www.encontrasantamaria.com.br\/noticias\/wp-json\/wp\/v2\/types\/post"}],"author":[{"embeddable":true,"href":"https:\/\/www.encontrasantamaria.com.br\/noticias\/wp-json\/wp\/v2\/users\/1"}],"replies":[{"embeddable":true,"href":"https:\/\/www.encontrasantamaria.com.br\/noticias\/wp-json\/wp\/v2\/comments?post=152"}],"version-history":[{"count":2,"href":"https:\/\/www.encontrasantamaria.com.br\/noticias\/wp-json\/wp\/v2\/posts\/152\/revisions"}],"predecessor-version":[{"id":154,"href":"https:\/\/www.encontrasantamaria.com.br\/noticias\/wp-json\/wp\/v2\/posts\/152\/revisions\/154"}],"wp:attachment":[{"href":"https:\/\/www.encontrasantamaria.com.br\/noticias\/wp-json\/wp\/v2\/media?parent=152"}],"wp:term":[{"taxonomy":"category","embeddable":true,"href":"https:\/\/www.encontrasantamaria.com.br\/noticias\/wp-json\/wp\/v2\/categories?post=152"},{"taxonomy":"post_tag","embeddable":true,"href":"https:\/\/www.encontrasantamaria.com.br\/noticias\/wp-json\/wp\/v2\/tags?post=152"}],"curies":[{"name":"wp","href":"https:\/\/api.w.org\/{rel}","templated":true}]}}