{"id":149,"date":"2014-01-13T13:30:29","date_gmt":"2014-01-13T13:30:29","guid":{"rendered":"http:\/\/www.encontrasantamaria.com.br\/noticias\/?p=149"},"modified":"2014-01-13T13:30:29","modified_gmt":"2014-01-13T13:30:29","slug":"inscricoes-para-expor-nos-espacos-culturais-da-prefeitura-iniciam-nesta-segunda-13-em-santa-maria","status":"publish","type":"post","link":"https:\/\/www.encontrasantamaria.com.br\/noticias\/inscricoes-para-expor-nos-espacos-culturais-da-prefeitura-iniciam-nesta-segunda-13-em-santa-maria\/","title":{"rendered":"Inscri\u00e7\u00f5es para expor nos espa\u00e7os culturais da prefeitura iniciam nesta segunda (13), em Santa Maria"},"content":{"rendered":"<p>A Prefeitura de Santa Maria, juntamente com a Secretaria de Munic\u00edpio da Cultura e o Museu de Arte (Masm) comunicam que est\u00e3o abertas as inscri\u00e7\u00f5es aos produtores culturais, artistas pl\u00e1sticos, designers e p\u00fablico em geral interessados em mostrar seus trabalhos nos espa\u00e7os expositivos mantidos pela administra\u00e7\u00e3o municipal, neste ano.<\/p>\n<p>As inscri\u00e7\u00f5es iniciam nesta segunda-feira (13) e se estendem at\u00e9 o dia 21 de fevereiro deste ano. Durante este per\u00edodo, os interessados devem encaminhar, por e-mail (masmdigital@gmail.com) ou por correspond\u00eancia, a documenta\u00e7\u00e3o referente \u00e0 sele\u00e7\u00e3o para realizar exposi\u00e7\u00f5es e mostras nos espa\u00e7os da prefeitura. O Museu de Arte de Santa Maria est\u00e1 localizado na Avenida Presidente Vargas, 1400, no Centro Integrado de Cultura Evandro Behr. O hor\u00e1rio de atendimento ao p\u00fablico \u00e9 de segunda a sexta-feira, das 8h \u00e0s 18h. (Confira abaixo a \u00edntegra do regulamento e, no anexo, a ficha de inscri\u00e7\u00f5es)<\/p>\n<p><strong>Regulamento para Sele\u00e7\u00e3o de Exposi\u00e7\u00f5es nos Espa\u00e7os Expositivos da Prefeitura de Santa Maria<\/strong><\/p>\n<p>Comunicamos aos interessados que a partir do dia 13 de janeiro de 2014 \u00e0 21 de fevereiro de 2014, estaremos recebendo no Museu de Arte de Santa Maria, Av. Presidente Vargas, 1400, de segunda \u00e0 sexta-feira, das 8h as 18h, a documenta\u00e7\u00e3o referente \u00e0 sele\u00e7\u00e3o para realizar exposi\u00e7\u00f5es e mostras nos espa\u00e7os expositivos da Prefeitura Municipal de Santa Maria no ano de 2014.<\/p>\n<p>Obs.: Caso o calend\u00e1rio anual de exposi\u00e7\u00f5es dos espa\u00e7os n\u00e3o seja preenchido, o MASM receber\u00e1 os projetos at\u00e9 o fechamento do mesmo, sendo avaliados pela comiss\u00e3o julgadora.<\/p>\n<p><strong>1. FINALIDADE<\/strong><br \/>\nO presente regulamento destina-se a selecionar artistas pl\u00e1sticos que realizar\u00e3o exposi\u00e7\u00f5es individuais ou coletivas, a partir do m\u00eas de janeiro de 2014 , nos espa\u00e7os expositivos da Secretaria Municipal da Cultura de Santa Maria.<\/p>\n<p><strong>2. ORGANIZA\u00c7\u00c3O<\/strong><br \/>\nA sele\u00e7\u00e3o ser\u00e1 organizada pela Prefeitura Municipal de Santa Maria, por interm\u00e9dio da Secretaria de Munic\u00edpio da Cultura e do Museu de Arte de Santa Maria.<\/p>\n<p><strong>3. PARTICIPA\u00c7\u00c3O<\/strong><br \/>\nA presente sele\u00e7\u00e3o destina-se a artistas pl\u00e1sticos, designers e entidades afins.<\/p>\n<p><strong>4. INSCRI\u00c7\u00d5ES<\/strong><br \/>\nAs inscri\u00e7\u00f5es dever\u00e3o ser encaminhadas via e-mail para masmdigital@gmail.com ou correspond\u00eancia para Museu de Arte de Santa Maria Av. Presidente Vargas 1400 Centro Integrado de Cultura Evandro Behr CEP 97015-510 Santa Maria-RS, mediante a apresenta\u00e7\u00e3o de:<br \/>\n\u2022 Curr\u00edculo art\u00edstico com documenta\u00e7\u00e3o sobre a\/as trajet\u00f3ria(s) art\u00edstica(s) dos proponentes, c\u00f3pias de cat\u00e1logos, convites, textos cr\u00edticos ou impressos em geral.<br \/>\n\u2022 Projeto da exposi\u00e7\u00e3o requerida, contendo o local e a data escolhidos; (ficha em anexo)<br \/>\n\u2022 Portf\u00f3lio apresentando a proposta (tamanho A4), contendo fotografias dos trabalhos (5, aproximadamente, no formato 15&#215;21 cm, fixadas sobre papel A4), com memorial descritivo das obras. Para obras em v\u00eddeo ou web, apenas ser\u00e3o aceitos DVDs em formato MPEG4 ou AVI.<br \/>\n4.1 A proposta selecionada n\u00e3o poder\u00e1 ser substitu\u00edda.<br \/>\n4.2 Os portf\u00f3lios dos artistas selecionados n\u00e3o ser\u00e3o devolvidos.<\/p>\n<p><strong>5. CRIT\u00c9RIOS DE AVALIA\u00c7\u00c3O<\/strong><br \/>\nAs propostas ser\u00e3o analisadas por uma comiss\u00e3o julgadora composta por at\u00e9 cinco pessoas (artistas, curadores, professores ou cr\u00edticos na \u00e1rea).<br \/>\n5.1 An\u00e1lise do Curr\u00edculo<br \/>\nExposi\u00e7\u00f5es realizadas, individuais e coletivas; Forma\u00e7\u00e3o acad\u00eamica; Forma\u00e7\u00e3o complementar; Atividades realizadas na \u00e1rea de atua\u00e7\u00e3o.<br \/>\n5.2 An\u00e1lise do Projeto da exposi\u00e7\u00e3o<br \/>\nClareza e coer\u00eancia da proposta; Ineditismo; Apresenta\u00e7\u00e3o e Formata\u00e7\u00e3o do projeto.<br \/>\n5.3 An\u00e1lise das obras a serem expostas<br \/>\nCriatividade; Acabamento e Apresenta\u00e7\u00e3o das obras; An\u00e1lise da cor, forma, harmonia, composi\u00e7\u00e3o, t\u00e9cnica; Informa\u00e7\u00f5es t\u00e9cnicas sobre a obra (t\u00edtulo, dimens\u00f5es, linguagem, t\u00e9cnica, ano de execu\u00e7\u00e3o).<br \/>\nObs.: Estes crit\u00e9rios ser\u00e3o utilizados na avalia\u00e7\u00e3o realizada pela comiss\u00e3o julgadora e n\u00e3o ser\u00e3o divulgados. O resultado do processo seletivo ser\u00e1 divulgado no endere\u00e7o eletr\u00f4nico http:\/\/museudeartedesantamaria.blogspot.com\/<\/p>\n<p><strong>6. LOCAIS<\/strong><br \/>\nAs exposi\u00e7\u00f5es se realizar\u00e3o nos seguintes locais:<br \/>\n\u2022 Sala Iber\u00ea Camargo (pr\u00e9dio do Arquivo Hist\u00f3rico Municipal, Rua Appel, 900)<br \/>\n\u2022 MASM \u2013 Museu de Arte de Santa Maria \u2013 Av. Presidente Vargas, 1400<br \/>\n\u2022 Sala Monet Plaza Arte \u2013 Monet Plaza Shopping, Av. Fernando Ferrari, 1483<br \/>\n\u2022Anexo do MASM &#8211; Av. Presidente Vargas, 1400<\/p>\n<p><strong>7. MONTAGEM DA EXPOSI\u00c7\u00c3O<\/strong><br \/>\n7.1. Caber\u00e1 ao expositor a responsabilidade de montagem e desmontagem da exposi\u00e7\u00e3o, dentro dos prazos previamente estipulados, com a coordena\u00e7\u00e3o do Museu de Arte de Santa Maria.<br \/>\n7.2. Equipamentos:<br \/>\nOs equipamentos necess\u00e1rios para expor as obras \u2013 cavaletes, cubos, pain\u00e9is \u2013 devem ser solicitados no projeto.<br \/>\nObs.: em todas as salas, as obras podem ser colocadas nas paredes com fio de nylon &#8211; n\u00e3o \u00e9 permitida a coloca\u00e7\u00e3o de pregos, parafusos ou semelhantes nas paredes das salas, bem como qualquer depreda\u00e7\u00e3o das mesmas.<br \/>\n7.3 Seguran\u00e7a:<br \/>\nAs obras n\u00e3o ser\u00e3o cobertas por seguro. A Secretaria de Munic\u00edpio da Cultura n\u00e3o se responsabiliza por furtos ou danos que possam vir a ocorrer durante o per\u00edodo da exposi\u00e7\u00e3o.<\/p>\n<p><strong>8. COMERCIALIZA\u00c7\u00c3O DAS OBRAS<\/strong><br \/>\nAs obras expostas n\u00e3o poder\u00e3o ser comercializadas dentro dos espa\u00e7os expositivos, poder\u00e3o as mesmas ser reservadas tendo o artista \u00e0 responsabilidade de tramitar a venda ap\u00f3s a exposi\u00e7\u00e3o.<\/p>\n<p><strong>9. OBRIGA\u00c7\u00d5ES<\/strong><br \/>\n9.1. Do MASM:<br \/>\n&#8211; divulgar a exposi\u00e7\u00e3o, junto aos meios de comunica\u00e7\u00e3o;<br \/>\n-coordenar as exposi\u00e7\u00f5es;<br \/>\n9.2. Do Artista<br \/>\n&#8211; entrega dos trabalhos no dia e no local da exposi\u00e7\u00e3o;<br \/>\n&#8211; as despesas referentes ao transporte das obras;<br \/>\n&#8211; montagem e desmontagem da exposi\u00e7\u00e3o;<br \/>\n&#8211; apresentar todas as obras em condi\u00e7\u00f5es est\u00e9ticas de serem expostas \u2013 trabalhos com moldura, identifica\u00e7\u00e3o e limpeza;<br \/>\n&#8211; as despesas referentes ao vernissage, cat\u00e1logos e convites se houver;<br \/>\n&#8211; a perman\u00eancia dos trabalhos at\u00e9 o final da exposi\u00e7\u00e3o;<br \/>\n&#8211; retirada dos trabalhos no dia ap\u00f3s o t\u00e9rmino da exposi\u00e7\u00e3o;<br \/>\n-entrega do espa\u00e7o f\u00edsico, ao t\u00e9rmino da exposi\u00e7\u00e3o, nas mesmas condi\u00e7\u00f5es que recebidas (paredes, cubos, pain\u00e9is e outros);<br \/>\n-o material necess\u00e1rio para a montagem da exposi\u00e7\u00e3o dever\u00e1 ser de responsabilidade do artista, tal como, tesoura, estilete, fio de nylon, fitas, escada e outros que por ventura possa precisar;<br \/>\n-apresentar arte final do convite que dever\u00e1 ser submetida \u00e0 aprova\u00e7\u00e3o da coordena\u00e7\u00e3o do MASM, at\u00e9 5 dias antes da data marcada para a abertura da exposi\u00e7\u00e3o;<br \/>\n-fornecer fotos, curr\u00edculo e release para divulga\u00e7\u00e3o e, estar dispon\u00edvel para entrevistas;<br \/>\n-providenciar outros equipamentos e materiais para montagem que n\u00e3o possam ser disponibilizados pelo setor;<\/p>\n<p><strong>ESCLARECIMENTOS<\/strong><br \/>\nQualquer d\u00favida sobre a presente sele\u00e7\u00e3o poder\u00e1 ser obtida junto ao Museu de Arte de Santa Maria, fone (55) 3921-7090 (hor\u00e1rio 8h \u00e0s 18h) e pelo e-mail masmdigital@gmail.com.<\/p>\n","protected":false},"excerpt":{"rendered":"<p>A Prefeitura de Santa Maria, juntamente com a Secretaria de Munic\u00edpio da Cultura e o Museu de Arte (Masm) comunicam que est\u00e3o abertas as inscri\u00e7\u00f5es aos produtores culturais, artistas pl\u00e1sticos, designers e p\u00fablico em geral interessados em mostrar seus trabalhos nos espa\u00e7os expositivos mantidos pela administra\u00e7\u00e3o municipal, neste ano. As inscri\u00e7\u00f5es iniciam nesta segunda-feira (13) [&hellip;]<\/p>\n","protected":false},"author":1,"featured_media":0,"comment_status":"open","ping_status":"open","sticky":false,"template":"","format":"standard","meta":{"footnotes":""},"categories":[6],"tags":[],"class_list":["post-149","post","type-post","status-publish","format-standard","hentry","category-noticias-santa-maria"],"yoast_head":"<!-- This site is optimized with the Yoast SEO plugin v25.9 - https:\/\/yoast.com\/wordpress\/plugins\/seo\/ -->\n<title>Inscri\u00e7\u00f5es para expor nos espa\u00e7os culturais da prefeitura iniciam nesta segunda (13), em Santa Maria - Not\u00edcias da Cidade Santa Maria<\/title>\n<meta name=\"robots\" content=\"index, follow, max-snippet:-1, max-image-preview:large, max-video-preview:-1\" \/>\n<link rel=\"canonical\" href=\"https:\/\/www.encontrasantamaria.com.br\/noticias\/inscricoes-para-expor-nos-espacos-culturais-da-prefeitura-iniciam-nesta-segunda-13-em-santa-maria\/\" \/>\n<meta property=\"og:locale\" content=\"pt_BR\" \/>\n<meta property=\"og:type\" content=\"article\" \/>\n<meta property=\"og:title\" content=\"Inscri\u00e7\u00f5es para expor nos espa\u00e7os culturais da prefeitura iniciam nesta segunda (13), em Santa Maria - Not\u00edcias da Cidade Santa Maria\" \/>\n<meta property=\"og:description\" content=\"A Prefeitura de Santa Maria, juntamente com a Secretaria de Munic\u00edpio da Cultura e o Museu de Arte (Masm) comunicam que est\u00e3o abertas as inscri\u00e7\u00f5es aos produtores culturais, artistas pl\u00e1sticos, designers e p\u00fablico em geral interessados em mostrar seus trabalhos nos espa\u00e7os expositivos mantidos pela administra\u00e7\u00e3o municipal, neste ano. As inscri\u00e7\u00f5es iniciam nesta segunda-feira (13) [&hellip;]\" \/>\n<meta property=\"og:url\" content=\"https:\/\/www.encontrasantamaria.com.br\/noticias\/inscricoes-para-expor-nos-espacos-culturais-da-prefeitura-iniciam-nesta-segunda-13-em-santa-maria\/\" \/>\n<meta property=\"og:site_name\" content=\"Not\u00edcias da Cidade Santa Maria\" \/>\n<meta property=\"article:published_time\" content=\"2014-01-13T13:30:29+00:00\" \/>\n<meta name=\"author\" content=\"Encontra Santa Maria\" \/>\n<meta name=\"twitter:card\" content=\"summary_large_image\" \/>\n<meta name=\"twitter:label1\" content=\"Escrito por\" \/>\n\t<meta name=\"twitter:data1\" content=\"Encontra Santa Maria\" \/>\n\t<meta name=\"twitter:label2\" content=\"Est. tempo de leitura\" \/>\n\t<meta name=\"twitter:data2\" content=\"6 minutos\" \/>\n<script type=\"application\/ld+json\" class=\"yoast-schema-graph\">{\"@context\":\"https:\/\/schema.org\",\"@graph\":[{\"@type\":\"WebPage\",\"@id\":\"https:\/\/www.encontrasantamaria.com.br\/noticias\/inscricoes-para-expor-nos-espacos-culturais-da-prefeitura-iniciam-nesta-segunda-13-em-santa-maria\/\",\"url\":\"https:\/\/www.encontrasantamaria.com.br\/noticias\/inscricoes-para-expor-nos-espacos-culturais-da-prefeitura-iniciam-nesta-segunda-13-em-santa-maria\/\",\"name\":\"Inscri\u00e7\u00f5es para expor nos espa\u00e7os culturais da prefeitura iniciam nesta segunda (13), em Santa Maria - Not\u00edcias da Cidade Santa Maria\",\"isPartOf\":{\"@id\":\"https:\/\/www.encontrasantamaria.com.br\/noticias\/#website\"},\"datePublished\":\"2014-01-13T13:30:29+00:00\",\"author\":{\"@id\":\"https:\/\/www.encontrasantamaria.com.br\/noticias\/#\/schema\/person\/9513c7f6bbff19369391fd49f2fd219a\"},\"breadcrumb\":{\"@id\":\"https:\/\/www.encontrasantamaria.com.br\/noticias\/inscricoes-para-expor-nos-espacos-culturais-da-prefeitura-iniciam-nesta-segunda-13-em-santa-maria\/#breadcrumb\"},\"inLanguage\":\"pt-BR\",\"potentialAction\":[{\"@type\":\"ReadAction\",\"target\":[\"https:\/\/www.encontrasantamaria.com.br\/noticias\/inscricoes-para-expor-nos-espacos-culturais-da-prefeitura-iniciam-nesta-segunda-13-em-santa-maria\/\"]}]},{\"@type\":\"BreadcrumbList\",\"@id\":\"https:\/\/www.encontrasantamaria.com.br\/noticias\/inscricoes-para-expor-nos-espacos-culturais-da-prefeitura-iniciam-nesta-segunda-13-em-santa-maria\/#breadcrumb\",\"itemListElement\":[{\"@type\":\"ListItem\",\"position\":1,\"name\":\"In\u00edcio\",\"item\":\"https:\/\/www.encontrasantamaria.com.br\/noticias\/\"},{\"@type\":\"ListItem\",\"position\":2,\"name\":\"Inscri\u00e7\u00f5es para expor nos espa\u00e7os culturais da prefeitura iniciam nesta segunda (13), em Santa Maria\"}]},{\"@type\":\"WebSite\",\"@id\":\"https:\/\/www.encontrasantamaria.com.br\/noticias\/#website\",\"url\":\"https:\/\/www.encontrasantamaria.com.br\/noticias\/\",\"name\":\"Not\u00edcias da Cidade Santa Maria\",\"description\":\"Not\u00edcias, eventos, informa\u00e7\u00f5es e dicas da cidade de Santa Maria e regi\u00e3o\",\"potentialAction\":[{\"@type\":\"SearchAction\",\"target\":{\"@type\":\"EntryPoint\",\"urlTemplate\":\"https:\/\/www.encontrasantamaria.com.br\/noticias\/?s={search_term_string}\"},\"query-input\":{\"@type\":\"PropertyValueSpecification\",\"valueRequired\":true,\"valueName\":\"search_term_string\"}}],\"inLanguage\":\"pt-BR\"},{\"@type\":\"Person\",\"@id\":\"https:\/\/www.encontrasantamaria.com.br\/noticias\/#\/schema\/person\/9513c7f6bbff19369391fd49f2fd219a\",\"name\":\"Encontra Santa Maria\",\"image\":{\"@type\":\"ImageObject\",\"inLanguage\":\"pt-BR\",\"@id\":\"https:\/\/www.encontrasantamaria.com.br\/noticias\/#\/schema\/person\/image\/\",\"url\":\"https:\/\/secure.gravatar.com\/avatar\/507340682b8270222e1f208e23198b6ae7e2c6a1033ae84e99bc6bce4f82a387?s=96&d=mm&r=g\",\"contentUrl\":\"https:\/\/secure.gravatar.com\/avatar\/507340682b8270222e1f208e23198b6ae7e2c6a1033ae84e99bc6bce4f82a387?s=96&d=mm&r=g\",\"caption\":\"Encontra Santa Maria\"},\"sameAs\":[\"http:\/\/www.encontrasantamaria.com.br\"],\"url\":\"https:\/\/www.encontrasantamaria.com.br\/noticias\/author\/esantamaria\/\"}]}<\/script>\n<!-- \/ Yoast SEO plugin. -->","yoast_head_json":{"title":"Inscri\u00e7\u00f5es para expor nos espa\u00e7os culturais da prefeitura iniciam nesta segunda (13), em Santa Maria - Not\u00edcias da Cidade Santa Maria","robots":{"index":"index","follow":"follow","max-snippet":"max-snippet:-1","max-image-preview":"max-image-preview:large","max-video-preview":"max-video-preview:-1"},"canonical":"https:\/\/www.encontrasantamaria.com.br\/noticias\/inscricoes-para-expor-nos-espacos-culturais-da-prefeitura-iniciam-nesta-segunda-13-em-santa-maria\/","og_locale":"pt_BR","og_type":"article","og_title":"Inscri\u00e7\u00f5es para expor nos espa\u00e7os culturais da prefeitura iniciam nesta segunda (13), em Santa Maria - Not\u00edcias da Cidade Santa Maria","og_description":"A Prefeitura de Santa Maria, juntamente com a Secretaria de Munic\u00edpio da Cultura e o Museu de Arte (Masm) comunicam que est\u00e3o abertas as inscri\u00e7\u00f5es aos produtores culturais, artistas pl\u00e1sticos, designers e p\u00fablico em geral interessados em mostrar seus trabalhos nos espa\u00e7os expositivos mantidos pela administra\u00e7\u00e3o municipal, neste ano. As inscri\u00e7\u00f5es iniciam nesta segunda-feira (13) [&hellip;]","og_url":"https:\/\/www.encontrasantamaria.com.br\/noticias\/inscricoes-para-expor-nos-espacos-culturais-da-prefeitura-iniciam-nesta-segunda-13-em-santa-maria\/","og_site_name":"Not\u00edcias da Cidade Santa Maria","article_published_time":"2014-01-13T13:30:29+00:00","author":"Encontra Santa Maria","twitter_card":"summary_large_image","twitter_misc":{"Escrito por":"Encontra Santa Maria","Est. tempo de leitura":"6 minutos"},"schema":{"@context":"https:\/\/schema.org","@graph":[{"@type":"WebPage","@id":"https:\/\/www.encontrasantamaria.com.br\/noticias\/inscricoes-para-expor-nos-espacos-culturais-da-prefeitura-iniciam-nesta-segunda-13-em-santa-maria\/","url":"https:\/\/www.encontrasantamaria.com.br\/noticias\/inscricoes-para-expor-nos-espacos-culturais-da-prefeitura-iniciam-nesta-segunda-13-em-santa-maria\/","name":"Inscri\u00e7\u00f5es para expor nos espa\u00e7os culturais da prefeitura iniciam nesta segunda (13), em Santa Maria - Not\u00edcias da Cidade Santa Maria","isPartOf":{"@id":"https:\/\/www.encontrasantamaria.com.br\/noticias\/#website"},"datePublished":"2014-01-13T13:30:29+00:00","author":{"@id":"https:\/\/www.encontrasantamaria.com.br\/noticias\/#\/schema\/person\/9513c7f6bbff19369391fd49f2fd219a"},"breadcrumb":{"@id":"https:\/\/www.encontrasantamaria.com.br\/noticias\/inscricoes-para-expor-nos-espacos-culturais-da-prefeitura-iniciam-nesta-segunda-13-em-santa-maria\/#breadcrumb"},"inLanguage":"pt-BR","potentialAction":[{"@type":"ReadAction","target":["https:\/\/www.encontrasantamaria.com.br\/noticias\/inscricoes-para-expor-nos-espacos-culturais-da-prefeitura-iniciam-nesta-segunda-13-em-santa-maria\/"]}]},{"@type":"BreadcrumbList","@id":"https:\/\/www.encontrasantamaria.com.br\/noticias\/inscricoes-para-expor-nos-espacos-culturais-da-prefeitura-iniciam-nesta-segunda-13-em-santa-maria\/#breadcrumb","itemListElement":[{"@type":"ListItem","position":1,"name":"In\u00edcio","item":"https:\/\/www.encontrasantamaria.com.br\/noticias\/"},{"@type":"ListItem","position":2,"name":"Inscri\u00e7\u00f5es para expor nos espa\u00e7os culturais da prefeitura iniciam nesta segunda (13), em Santa Maria"}]},{"@type":"WebSite","@id":"https:\/\/www.encontrasantamaria.com.br\/noticias\/#website","url":"https:\/\/www.encontrasantamaria.com.br\/noticias\/","name":"Not\u00edcias da Cidade Santa Maria","description":"Not\u00edcias, eventos, informa\u00e7\u00f5es e dicas da cidade de Santa Maria e regi\u00e3o","potentialAction":[{"@type":"SearchAction","target":{"@type":"EntryPoint","urlTemplate":"https:\/\/www.encontrasantamaria.com.br\/noticias\/?s={search_term_string}"},"query-input":{"@type":"PropertyValueSpecification","valueRequired":true,"valueName":"search_term_string"}}],"inLanguage":"pt-BR"},{"@type":"Person","@id":"https:\/\/www.encontrasantamaria.com.br\/noticias\/#\/schema\/person\/9513c7f6bbff19369391fd49f2fd219a","name":"Encontra Santa Maria","image":{"@type":"ImageObject","inLanguage":"pt-BR","@id":"https:\/\/www.encontrasantamaria.com.br\/noticias\/#\/schema\/person\/image\/","url":"https:\/\/secure.gravatar.com\/avatar\/507340682b8270222e1f208e23198b6ae7e2c6a1033ae84e99bc6bce4f82a387?s=96&d=mm&r=g","contentUrl":"https:\/\/secure.gravatar.com\/avatar\/507340682b8270222e1f208e23198b6ae7e2c6a1033ae84e99bc6bce4f82a387?s=96&d=mm&r=g","caption":"Encontra Santa Maria"},"sameAs":["http:\/\/www.encontrasantamaria.com.br"],"url":"https:\/\/www.encontrasantamaria.com.br\/noticias\/author\/esantamaria\/"}]}},"_links":{"self":[{"href":"https:\/\/www.encontrasantamaria.com.br\/noticias\/wp-json\/wp\/v2\/posts\/149","targetHints":{"allow":["GET"]}}],"collection":[{"href":"https:\/\/www.encontrasantamaria.com.br\/noticias\/wp-json\/wp\/v2\/posts"}],"about":[{"href":"https:\/\/www.encontrasantamaria.com.br\/noticias\/wp-json\/wp\/v2\/types\/post"}],"author":[{"embeddable":true,"href":"https:\/\/www.encontrasantamaria.com.br\/noticias\/wp-json\/wp\/v2\/users\/1"}],"replies":[{"embeddable":true,"href":"https:\/\/www.encontrasantamaria.com.br\/noticias\/wp-json\/wp\/v2\/comments?post=149"}],"version-history":[{"count":1,"href":"https:\/\/www.encontrasantamaria.com.br\/noticias\/wp-json\/wp\/v2\/posts\/149\/revisions"}],"predecessor-version":[{"id":150,"href":"https:\/\/www.encontrasantamaria.com.br\/noticias\/wp-json\/wp\/v2\/posts\/149\/revisions\/150"}],"wp:attachment":[{"href":"https:\/\/www.encontrasantamaria.com.br\/noticias\/wp-json\/wp\/v2\/media?parent=149"}],"wp:term":[{"taxonomy":"category","embeddable":true,"href":"https:\/\/www.encontrasantamaria.com.br\/noticias\/wp-json\/wp\/v2\/categories?post=149"},{"taxonomy":"post_tag","embeddable":true,"href":"https:\/\/www.encontrasantamaria.com.br\/noticias\/wp-json\/wp\/v2\/tags?post=149"}],"curies":[{"name":"wp","href":"https:\/\/api.w.org\/{rel}","templated":true}]}}